{"id":27886,"date":"2025-12-08T12:13:53","date_gmt":"2025-12-08T11:13:53","guid":{"rendered":"https:\/\/www.evkirche-roesrath.de\/?p=27886"},"modified":"2025-12-29T17:32:35","modified_gmt":"2025-12-29T16:32:35","slug":"friede-friede-und-ist-doch-kein-friede-sondern-nur-fifa","status":"publish","type":"post","link":"https:\/\/www.evkirche-roesrath.de\/index.php\/2025\/12\/08\/friede-friede-und-ist-doch-kein-friede-sondern-nur-fifa\/","title":{"rendered":"\u201eFriede, Friede, und ist doch kein Friede\u201c \u2013 sondern nur FIFA"},"content":{"rendered":"<p><strong>PRESSEMITTEILUNG Nr. 93\/2025<\/strong><\/p>\n<h1>\u201eFriede, Friede, und ist doch kein Friede\u201c \u2013 sondern nur FIFA<\/h1>\n<p>Pr\u00e4ses Dr. Thorsten Latzel \u00fcber gerechten Frieden statt Deals, politische Wildwestmethoden und autokratische Willk\u00fcr<\/p>\n<p><strong>D\u00fcsseldorf (8. Dezember 2025). Im Ukraine-Krieg wird um eine Korrektur des einseitigen 28-Punkte-Plans gerungen, vor Venezuela zeigen die USA ein aggressives Verhalten, Europa soll kulturk\u00e4mpferisch beeinflusst werden \u2013 und zeitgleich erh\u00e4lt US-Pr\u00e4sident Donald Trump einen konstruierten Friedenspreis der FIFA. Der Pr\u00e4ses der Evangelischen Kirche im Rheinland und Sportbeauftragte der Evangelischen Kirche in Deutschland (EKD), Dr. Thorsten Latzel, widerspricht der Instrumentalisierung des Sports und autokratischer Willk\u00fcr und tritt f\u00fcr wirkliche Friedensbem\u00fchungen ein. \u201eFrieden kann es nicht ohne Gerechtigkeit geben. Umso wichtiger ist der Schulterschluss all derer, die sich f\u00fcr Rechtsstaatlichkeit, Demokratie und Freiheit einsetzen. Diese Werte sind nicht in Deals verhandelba<\/strong>r.\u201c<\/p>\n<p>Pr\u00e4ses Dr. Thorsten Latzel \u00e4u\u00dfert sich tief besorgt dar\u00fcber, wie sich in k\u00fcrzester Zeit friedenspolitische Ereignisse in den USA \u00fcberschlagen: \u201eIm Ukraine-Krieg \u00fcberraschen die USA mit einem 28-Punkte-Plan, der einseitig Positionen Russlands vertritt, und fordern erst eine sofortige Zustimmung, um dann St\u00fcck f\u00fcr St\u00fcck wieder zu korrigieren. In der nationalen Sicherheitsstrategie wird massive Kritik an der EU ge\u00e4u\u00dfert und eine Einmischung zugunsten nationalistischer, zum Teil rechtsextremer Kr\u00e4fte angek\u00fcndigt. Vor Venezuela werden rechtswidrig Boote zerbombt und milit\u00e4rische Kr\u00e4fte geb\u00fcndelt. Menschen aus Somalia werden von Trump rassistisch als M\u00fcll bezeichnet. Und dann erh\u00e4lt eben dieser Pr\u00e4sident einen eigens geschaffenen Friedenspreis der FIFA. Das ist pure Anbiederung und eine Instrumentalisierung des Sports, die den eigenen Neutralit\u00e4tsregeln widerspricht.\u201c<\/p>\n<h4><strong>Wider autokratische Willk\u00fcr und eigene Bereicherung<\/strong><\/h4>\n<p>Deutlich werde dabei, so Pr\u00e4ses Latzel, wie sehr das Handeln des US-amerikanischen Pr\u00e4sidenten von autokratischer Willk\u00fcr und nationaler wie pers\u00f6nlicher Bereicherung angetrieben sei. \u201eEs geht nicht an, dass erneut Verhandlungen in weiten Teilen ohne das Land stattfinden, das \u00fcberfallen wurde, und ohne Europa\u201c, so Thorsten Latzel. \u201eUnd es ist unertr\u00e4glich, wie hemmungslos beide, Russland und die USA, ihre Interessen zur eigenen Bereicherung verfolgen.\u201c<\/p>\n<h4><strong>\u201eNur ein gerechter Frieden hat Chancen, dauerhaft zu halten\u201c<\/strong><\/h4>\n<p>Jede realistische M\u00f6glichkeit, das T\u00f6ten zu beenden und einen Frieden herbeizuf\u00fchren, m\u00fcsse ergriffen werden. Es sei jedoch h\u00f6chst fraglich, ob die aktuelle Herangehensweise zu wirklichem Frieden f\u00fchre. Pr\u00e4ses Latzel: \u201e,Friede, Friede, und ist doch kein Friede\u2018 \u2013 gegen oberfl\u00e4chliche Friedensverhei\u00dfungen haben sich schon die biblischen Propheten gewandt (Jer 6,14). Ohne Gerechtigkeit gibt es keinen Frieden. Ein Schweigen der Waffen ist ein erster, wichtiger Schritt. Doch nur ein gerechter Frieden hat Chancen, dauerhaft zu halten. Darauf haben die Menschen in der Ukraine ein Recht. Das ist keine Frage von Deals, in denen es um Rohstoffe und Aneignung fremder Territorien geht. Die neue Friedensdenkschrift ,Welt in Unordnung\u2018 der EKD hat noch einmal klar gezeigt, wie Schutz vor Gewalt und Freiheit, Gerechtigkeit und plurale Vielfalt in christlicher Perspektive unl\u00f6slich zusammenh\u00e4ngen.\u201c Dar\u00fcber hinaus seien f\u00fcr einen ernst gemeinten Frieden verl\u00e4ssliche Garantien gefragt, die nicht bei jeder Gelegenheit ausgehebelt werden k\u00f6nnten. \u201eDie Ukraine hat sich schon einmal auf Vertr\u00e4ge verlassen, die ihre Souver\u00e4nit\u00e4t garantieren sollten, und ist verraten worden.\u201c<\/p>\n<h4><strong>Friedenshoffnung im Horizont der Botschaft Jesu Christi<\/strong><\/h4>\n<p>Auch hinter dem Venezuela-Konflikt st\u00fcnden klare \u00f6konomische Interessen mit Blick auf die \u00d6lvorkommen. Die willk\u00fcrlichen T\u00f6tungen in internationalem Gew\u00e4sser und die Aufr\u00fcstung machten einen milit\u00e4rischen Konflikt immer wahrscheinlicher. Latzel: \u201eVenezuela leidet stark unter der diktatorischen Regierung Maduros. Aber weder das noch der Kampf gegen Drogen geben das Recht zur milit\u00e4rischen Intervention. Es geht auch hier um \u00f6konomische Interessen und Machtanspr\u00fcche. Internationales Recht und der Schutz von Menschenrechten sind nichts, was einfach in Wildwestmanier nach Belieben gebrochen werden darf. Das r\u00fcttelt an Grundfesten internationaler Zusammenarbeit.\u201c Die Weltlage sei unberechenbarer geworden, der Ton und das Auftreten rauer. \u201eSo wie die Gro\u00dfm\u00e4chte derzeit agieren und mit kleineren L\u00e4ndern umgehen, f\u00fchrt das zu immer st\u00e4rkerer Militarisierung, zu mehr Risiken f\u00fcr Konflikte und zu Angst bei den Menschen \u2013 ein uns\u00e4glicher Zustand\u201c, so Thorsten Latzel. \u201eGerade im Advent geht es um eine andere Friedenshoffnung im Horizont der Botschaft Jesu Christi.\u201c<\/p>\n<h4><strong>Mutig bleiben und den Schulterschluss \u00fcben<\/strong><\/h4>\n<p>Der leitende Geistliche der rheinischen Kirche pl\u00e4diert daf\u00fcr, sich nicht an der R\u00fccksichtslosigkeit zu orientieren, sondern ganz bewusst Kooperationen zu suchen: \u201eDie Welt ist aggressiver geworden \u2013 umso mehr m\u00fcssen wir zusammenr\u00fccken. Europa und die EU vertreten Werte wie Rechtsstaatlichkeit, Demokratie und Freiheit. Diese gilt es aufrechtzuerhalten. Gerade in bedrohlichen Zeiten ist es christliche Praxis, das Verbindende zu suchen, die Gemeinschaft zu st\u00e4rken und aus der Hoffnung auf Gott widerst\u00e4ndig zu leben. Diese adventliche Haltung ist es, die unsere Gesellschaft jetzt braucht.\u201c<br \/>\n5158 Zeichen<\/p>\n<p><strong>Zur Person: Pr\u00e4ses Dr. Thorsten Latzel<\/strong><br \/>\n<a href=\"https:\/\/newsletter.ekir.de\/r\/PrNUhyT49080ms11445.html\" target=\"_blank\">Thorsten Latzel<\/a> (55) ist seit M\u00e4rz 2021 Pr\u00e4ses der rheinischen Kirche. Au\u00dferdem ist er Sportbeauftragter des Rates der Evangelischen Kirche in Deutschland (EKD). Seit 2013 war er Direktor der Evangelischen Akademie Frankfurt. Im EKD-Kirchenamt war er von 2005 bis 2012 f\u00fcr Studien- und Planungsfragen sowie das Projektb\u00fcro Reformprozess zust\u00e4ndig. Im Blog <a href=\"https:\/\/newsletter.ekir.de\/r\/PrNUhyT49081ms11445.html\" target=\"_blank\">glauben-denken.de<\/a> ver\u00f6ffentlicht Pr\u00e4ses Dr. Thorsten Latzel regelm\u00e4\u00dfig theologische Impulse. Er ist verheiratet und hat drei Kinder.<\/p>\n<p><small><br \/>\nAutor: Martin Brandt, <a href=\"mailto:martin.brandt@ekir.de\" target=\"_blank\">martin.brandt@ekir.de<\/a>, Telefon 0211 4562-241<br \/>\nKontakt: Pressesprecherin Cornelia Breuer-Iff, <a href=\"mailto:cornelia.breuer-iff@ekir.de\" target=\"_blank\">cornelia.breuer-iff@ekir.de<\/a>, Telefon 0211 4562-423<br \/>\n<\/small><\/p>\n ","protected":false},"excerpt":{"rendered":"<p>PRESSEMITTEILUNG Nr. 93\/2025 \u201eFriede, Friede, und ist doch kein Friede\u201c \u2013 sondern nur FIFA Pr\u00e4ses Dr. Thorsten Latzel \u00fcber gerechten Frieden statt Deals, politische Wildwestmethoden und autokratische Willk\u00fcr D\u00fcsseldorf (8. <a class=\"more-link\" href=\"https:\/\/www.evkirche-roesrath.de\/index.php\/2025\/12\/08\/friede-friede-und-ist-doch-kein-friede-sondern-nur-fifa\/\">weiterlesen \u2192<\/a><\/p>\n","protected":false},"author":17,"featured_media":27884,"comment_status":"closed","ping_status":"closed","sticky":false,"template":"","format":"standard","meta":{"ngg_post_thumbnail":0,"footnotes":""},"categories":[317],"tags":[],"class_list":["post-27886","post","type-post","status-publish","format-standard","has-post-thumbnail","hentry","category-a_allgemein"],"nelio_content":{"autoShareEndMode":"never","automationSources":{"useCustomSentences":false,"customSentences":[]},"efiAlt":"","efiUrl":"","followers":[17],"highlights":[],"isAutoShareEnabled":true,"networkImageIds":[],"permalinkQueryArgs":[],"series":[],"suggestedReferences":[]},"_links":{"self":[{"href":"https:\/\/www.evkirche-roesrath.de\/index.php\/wp-json\/wp\/v2\/posts\/27886","targetHints":{"allow":["GET"]}}],"collection":[{"href":"https:\/\/www.evkirche-roesrath.de\/index.php\/wp-json\/wp\/v2\/posts"}],"about":[{"href":"https:\/\/www.evkirche-roesrath.de\/index.php\/wp-json\/wp\/v2\/types\/post"}],"author":[{"embeddable":true,"href":"https:\/\/www.evkirche-roesrath.de\/index.php\/wp-json\/wp\/v2\/users\/17"}],"replies":[{"embeddable":true,"href":"https:\/\/www.evkirche-roesrath.de\/index.php\/wp-json\/wp\/v2\/comments?post=27886"}],"version-history":[{"count":4,"href":"https:\/\/www.evkirche-roesrath.de\/index.php\/wp-json\/wp\/v2\/posts\/27886\/revisions"}],"predecessor-version":[{"id":27890,"href":"https:\/\/www.evkirche-roesrath.de\/index.php\/wp-json\/wp\/v2\/posts\/27886\/revisions\/27890"}],"wp:featuredmedia":[{"embeddable":true,"href":"https:\/\/www.evkirche-roesrath.de\/index.php\/wp-json\/wp\/v2\/media\/27884"}],"wp:attachment":[{"href":"https:\/\/www.evkirche-roesrath.de\/index.php\/wp-json\/wp\/v2\/media?parent=27886"}],"wp:term":[{"taxonomy":"category","embeddable":true,"href":"https:\/\/www.evkirche-roesrath.de\/index.php\/wp-json\/wp\/v2\/categories?post=27886"},{"taxonomy":"post_tag","embeddable":true,"href":"https:\/\/www.evkirche-roesrath.de\/index.php\/wp-json\/wp\/v2\/tags?post=27886"}],"curies":[{"name":"wp","href":"https:\/\/api.w.org\/{rel}","templated":true}]}}