{"id":27169,"date":"2025-03-09T08:00:36","date_gmt":"2025-03-09T07:00:36","guid":{"rendered":"https:\/\/www.evkirche-roesrath.de\/?p=27169"},"modified":"2025-03-17T12:00:12","modified_gmt":"2025-03-17T11:00:12","slug":"oekumenja-am-16-03","status":"publish","type":"post","link":"https:\/\/www.evkirche-roesrath.de\/index.php\/2025\/03\/09\/oekumenja-am-16-03\/","title":{"rendered":"\u00d6kumenJa am 16.03."},"content":{"rendered":"<h2>Herzliche Einladung zur Veranstaltung des \u00f6kumenischen Projekts &#8222;\u00d6kumenJa&#8220; in R\u00f6srath<\/h2>\n<ul>\n<li><strong>Termin: 16.03.2025 \/ 17 &#8211; 19 Uhr<\/strong><\/li>\n<li><strong>Ort<\/strong>: <a href=\"https:\/\/maps.app.goo.gl\/VgdNio7r7qN2UREb7\" rel=\"noopener\" target=\"_blank\">Ev. Vers\u00f6hnungskirche, Gemeindesaal<\/a><\/li>\n<li><strong>Andacht<\/strong>: Einf\u00fchrung Pfarrer Thomas Rusch<\/li>\n<li><strong>Programm<\/strong>: Musikalisches Fr\u00fchlingserwachen<br \/>\nStimmungsbilder aus der Romantik f\u00fcr Sopran, Klarinette und Klavier\n  <\/li>\n<li><strong>Ausklang<\/strong>: Gem\u00fctliches Beisammensein mit Getr\u00e4nken und kleinem Imbiss im Gemeindesaal<\/li>\n<\/ul>\n<p>Das \u00d6kumenJa-Treffen am 16.03.2025 steht ganz im Zeichen des Wiedererwachens der Natur und der Gef\u00fchle.<br \/>\nDas Programm enth\u00e4lt Werke, in denen diese Gef\u00fchle auf unterschiedliche Art zum Ausdruck gebracht werden. Neben romantischen Werken von Schubert, Dvorak und Glinka-Balakierev werden St\u00fccke aus Film und Chansons zu Geh\u00f6r gebracht.<\/p>\n<p>Interpreten:<br \/>\n&#8211; Martina Gerens \/ Sopran<br \/>\n&#8211; Christian Spauszus \/ Klarinette<br \/>\n&#8211; Michael Rust \/ Klavier<\/p>\n ","protected":false},"excerpt":{"rendered":"<p>Herzliche Einladung zur Veranstaltung des \u00f6kumenischen Projekts &#8222;\u00d6kumenJa&#8220; in R\u00f6srath Termin: 16.03.2025 \/ 17 &#8211; 19 Uhr Ort: Ev. Vers\u00f6hnungskirche, Gemeindesaal Andacht: Einf\u00fchrung Pfarrer Thomas Rusch Programm: Musikalisches Fr\u00fchlingserwachen Stimmungsbilder <a class=\"more-link\" href=\"https:\/\/www.evkirche-roesrath.de\/index.php\/2025\/03\/09\/oekumenja-am-16-03\/\">weiterlesen \u2192<\/a><\/p>\n","protected":false},"author":17,"featured_media":26344,"comment_status":"closed","ping_status":"closed","sticky":false,"template":"","format":"standard","meta":{"ngg_post_thumbnail":0,"footnotes":""},"categories":[317,407],"tags":[],"class_list":["post-27169","post","type-post","status-publish","format-standard","has-post-thumbnail","hentry","category-a_allgemein","category-a_oekumenja"],"nelio_content":{"autoShareEndMode":"never","automationSources":{"useCustomSentences":false,"customSentences":[]},"efiAlt":"","efiUrl":"","followers":[17],"highlights":[],"isAutoShareEnabled":true,"networkImageIds":[],"permalinkQueryArgs":[],"series":[],"suggestedReferences":[]},"_links":{"self":[{"href":"https:\/\/www.evkirche-roesrath.de\/index.php\/wp-json\/wp\/v2\/posts\/27169","targetHints":{"allow":["GET"]}}],"collection":[{"href":"https:\/\/www.evkirche-roesrath.de\/index.php\/wp-json\/wp\/v2\/posts"}],"about":[{"href":"https:\/\/www.evkirche-roesrath.de\/index.php\/wp-json\/wp\/v2\/types\/post"}],"author":[{"embeddable":true,"href":"https:\/\/www.evkirche-roesrath.de\/index.php\/wp-json\/wp\/v2\/users\/17"}],"replies":[{"embeddable":true,"href":"https:\/\/www.evkirche-roesrath.de\/index.php\/wp-json\/wp\/v2\/comments?post=27169"}],"version-history":[{"count":0,"href":"https:\/\/www.evkirche-roesrath.de\/index.php\/wp-json\/wp\/v2\/posts\/27169\/revisions"}],"wp:featuredmedia":[{"embeddable":true,"href":"https:\/\/www.evkirche-roesrath.de\/index.php\/wp-json\/wp\/v2\/media\/26344"}],"wp:attachment":[{"href":"https:\/\/www.evkirche-roesrath.de\/index.php\/wp-json\/wp\/v2\/media?parent=27169"}],"wp:term":[{"taxonomy":"category","embeddable":true,"href":"https:\/\/www.evkirche-roesrath.de\/index.php\/wp-json\/wp\/v2\/categories?post=27169"},{"taxonomy":"post_tag","embeddable":true,"href":"https:\/\/www.evkirche-roesrath.de\/index.php\/wp-json\/wp\/v2\/tags?post=27169"}],"curies":[{"name":"wp","href":"https:\/\/api.w.org\/{rel}","templated":true}]}}